{"id":4512,"date":"2019-03-20T10:06:42","date_gmt":"2019-03-20T09:06:42","guid":{"rendered":"https:\/\/alegria-activity.com\/bez-kategorii\/repsol-racing-tour-inicia-su-gira-en-zamora-celebrando-el-50-aniversario-de-repsol-en-el-mundo-del-motor-y-su-alianza-con-honda-desde-hace-25-anos\/"},"modified":"2019-09-16T21:10:48","modified_gmt":"2019-09-16T20:10:48","slug":"repsol-racing-tour-na-50-lecie-istnienia-repsol-w-swiecie-motocyklowym","status":"publish","type":"post","link":"https:\/\/alegria-activity.com\/pl\/wiadomosci\/repsol-racing-tour-na-50-lecie-istnienia-repsol-w-swiecie-motocyklowym\/","title":{"rendered":"Repsol Racing Tour na 50-cio lecie istnienia marki Repsol w \u015bwiecie motocyklowym."},"content":{"rendered":"<p>Ju\u017c pi\u0105ty rok z rz\u0119du Repsol Racing Tour rusza w tras\u0119 po Hiszpanii, prezentuj\u0105c wsparcie marki Repsol dla najwa\u017cniejszych wy\u015bcig\u00f3w motocyklowych.<\/p>\n<p><!--more--><br \/>\n<img loading=\"lazy\" decoding=\"async\" class=\"lazyload aligncenter size-full wp-image-4493\" src=\"https:\/\/alegria-activity.com\/wp-content\/uploads\/2019\/06\/zamora1-big.jpg\" data-orig-src=\"https:\/\/alegria-activity.com\/wp-content\/uploads\/2019\/06\/zamora1-big.jpg\" alt=\"\" width=\"1024\" height=\"682\" srcset=\"data:image\/svg+xml,%3Csvg%20xmlns%3D%27http%3A%2F%2Fwww.w3.org%2F2000%2Fsvg%27%20width%3D%271024%27%20height%3D%27682%27%20viewBox%3D%270%200%201024%20682%27%3E%3Crect%20width%3D%271024%27%20height%3D%273682%27%20fill-opacity%3D%220%22%2F%3E%3C%2Fsvg%3E\" data-srcset=\"https:\/\/alegria-activity.com\/wp-content\/uploads\/2019\/06\/zamora1-big-200x133.jpg 200w, https:\/\/alegria-activity.com\/wp-content\/uploads\/2019\/06\/zamora1-big-300x200.jpg 300w, https:\/\/alegria-activity.com\/wp-content\/uploads\/2019\/06\/zamora1-big-400x266.jpg 400w, https:\/\/alegria-activity.com\/wp-content\/uploads\/2019\/06\/zamora1-big-600x400.jpg 600w, https:\/\/alegria-activity.com\/wp-content\/uploads\/2019\/06\/zamora1-big-768x512.jpg 768w, https:\/\/alegria-activity.com\/wp-content\/uploads\/2019\/06\/zamora1-big-800x533.jpg 800w, https:\/\/alegria-activity.com\/wp-content\/uploads\/2019\/06\/zamora1-big.jpg 1024w\" data-sizes=\"auto\" data-orig-sizes=\"auto, (max-width: 1024px) 100vw, 1024px\" \/><\/p>\n<p>W tym roku, w 50. rocznic\u0119 istnienia Repsol Team w \u015bwiecie motocyklowym, zobaczymy m.in. maszyn\u0119, dzi\u0119ki kt\u00f3rej Marc M\u00e1rquez zdoby\u0142 Mistrzostwo \u015awiata w 2017 roku. B\u0119dziemy mogli cieszy\u0107 si\u0119 tak\u017ce tre\u015bciami zwi\u0105zanymi z innymi wy\u015bcigami i wydarzeniami sportowymi.<\/p>\n<p><img loading=\"lazy\" decoding=\"async\" class=\"lazyload aligncenter size-full wp-image-4496\" src=\"https:\/\/alegria-activity.com\/wp-content\/uploads\/2019\/06\/zamora2-big.jpg\" data-orig-src=\"https:\/\/alegria-activity.com\/wp-content\/uploads\/2019\/06\/zamora2-big.jpg\" alt=\"\" width=\"1024\" height=\"682\" srcset=\"data:image\/svg+xml,%3Csvg%20xmlns%3D%27http%3A%2F%2Fwww.w3.org%2F2000%2Fsvg%27%20width%3D%271024%27%20height%3D%27682%27%20viewBox%3D%270%200%201024%20682%27%3E%3Crect%20width%3D%271024%27%20height%3D%273682%27%20fill-opacity%3D%220%22%2F%3E%3C%2Fsvg%3E\" data-srcset=\"https:\/\/alegria-activity.com\/wp-content\/uploads\/2019\/06\/zamora2-big-200x133.jpg 200w, https:\/\/alegria-activity.com\/wp-content\/uploads\/2019\/06\/zamora2-big-300x200.jpg 300w, https:\/\/alegria-activity.com\/wp-content\/uploads\/2019\/06\/zamora2-big-400x266.jpg 400w, https:\/\/alegria-activity.com\/wp-content\/uploads\/2019\/06\/zamora2-big-600x400.jpg 600w, https:\/\/alegria-activity.com\/wp-content\/uploads\/2019\/06\/zamora2-big-768x512.jpg 768w, https:\/\/alegria-activity.com\/wp-content\/uploads\/2019\/06\/zamora2-big-800x533.jpg 800w, https:\/\/alegria-activity.com\/wp-content\/uploads\/2019\/06\/zamora2-big.jpg 1024w\" data-sizes=\"auto\" data-orig-sizes=\"auto, (max-width: 1024px) 100vw, 1024px\" \/><\/p>\n<p>Tegoroczne Repsol Racing Tour zosta\u0142o zainaugurowane w Zamorze, oddaj\u0105c w ten spos\u00f3b ho\u0142d wielkiej legendzie hiszpa\u0144skiego motocyklizmu &#8211; Angelowi Nieto. W uroczysto\u015bci wzi\u0119li udzia\u0142 jego synowie Gelete i Pablo.<\/p>\n","protected":false},"excerpt":{"rendered":"<p>Ju\u017c pi\u0105ty rok z rz\u0119du Repsol Racing Tour rusza w tras\u0119 po Hiszpanii, prezentuj\u0105c wsparcie marki Repsol dla najwa\u017cniejszych wy\u015bcig\u00f3w motocyklowych.<\/p>\n","protected":false},"author":1,"featured_media":4501,"comment_status":"open","ping_status":"open","sticky":false,"template":"","format":"standard","meta":{"footnotes":""},"categories":[78],"tags":[],"class_list":["post-4512","post","type-post","status-publish","format-standard","has-post-thumbnail","hentry","category-wiadomosci"],"aioseo_notices":[],"_links":{"self":[{"href":"https:\/\/alegria-activity.com\/pl\/wp-json\/wp\/v2\/posts\/4512","targetHints":{"allow":["GET"]}}],"collection":[{"href":"https:\/\/alegria-activity.com\/pl\/wp-json\/wp\/v2\/posts"}],"about":[{"href":"https:\/\/alegria-activity.com\/pl\/wp-json\/wp\/v2\/types\/post"}],"author":[{"embeddable":true,"href":"https:\/\/alegria-activity.com\/pl\/wp-json\/wp\/v2\/users\/1"}],"replies":[{"embeddable":true,"href":"https:\/\/alegria-activity.com\/pl\/wp-json\/wp\/v2\/comments?post=4512"}],"version-history":[{"count":5,"href":"https:\/\/alegria-activity.com\/pl\/wp-json\/wp\/v2\/posts\/4512\/revisions"}],"predecessor-version":[{"id":4876,"href":"https:\/\/alegria-activity.com\/pl\/wp-json\/wp\/v2\/posts\/4512\/revisions\/4876"}],"wp:featuredmedia":[{"embeddable":true,"href":"https:\/\/alegria-activity.com\/pl\/wp-json\/wp\/v2\/media\/4501"}],"wp:attachment":[{"href":"https:\/\/alegria-activity.com\/pl\/wp-json\/wp\/v2\/media?parent=4512"}],"wp:term":[{"taxonomy":"category","embeddable":true,"href":"https:\/\/alegria-activity.com\/pl\/wp-json\/wp\/v2\/categories?post=4512"},{"taxonomy":"post_tag","embeddable":true,"href":"https:\/\/alegria-activity.com\/pl\/wp-json\/wp\/v2\/tags?post=4512"}],"curies":[{"name":"wp","href":"https:\/\/api.w.org\/{rel}","templated":true}]}}